{"id":1202,"date":"2021-05-17T21:46:52","date_gmt":"2021-05-18T00:46:52","guid":{"rendered":"https:\/\/www.engefono.com.br\/?p=1202"},"modified":"2021-06-07T21:14:11","modified_gmt":"2021-06-08T00:14:11","slug":"curso-on-line-de-analise-da-degluticao","status":"publish","type":"post","link":"https:\/\/www.engefono.com.br\/?p=1202","title":{"rendered":"Curso On-Line [ESGOTADO]"},"content":{"rendered":"\n<p>Esgotado o curso on-line &#8220;An\u00e1lise Ac\u00fastica de Sons da Degluti\u00e7\u00e3o&#8221; do dia 19 de julho de 2021!<\/p>\n\n\n\n<!--more-->\n\n\n\n<h2 class=\"has-text-align-center has-white-color has-vivid-cyan-blue-background-color has-text-color has-background wp-block-heading\">AN\u00c1LISE AC\u00daSTICA DE SONS DA DEGLUTI\u00c7\u00c3O<br>Fundamentos, Pr\u00e1tica e software DeglutiSom<\/h2>\n\n\n\n<h3 class=\"wp-block-heading\">Objetivo:<\/h3>\n\n\n\n<p>Oferecer conhecimento te\u00f3rico e pr\u00e1tico sobre an\u00e1lise ac\u00fastica dos sons da degluti\u00e7\u00e3o para avalia\u00e7\u00e3o, monitoramento e reabilita\u00e7\u00e3o das disfagias orofar\u00edngeas.<\/p>\n\n\n\n<h3 class=\"wp-block-heading\">P\u00fablico:<\/h3>\n\n\n\n<p>Profissionais de Fonoaudiologia.<\/p>\n\n\n\n<h3 class=\"wp-block-heading\">Conte\u00fado:<\/h3>\n\n\n\n<ul class=\"wp-block-list\"><li>Fisiologia da degluti\u00e7\u00e3o aplicada \u00e0 an\u00e1lise cl\u00ednica e instrumental em disfagia orofar\u00edngea.<\/li><li>Marcadores instrumentais na avalia\u00e7\u00e3o cl\u00ednica da degluti\u00e7\u00e3o.<\/li><li>M\u00e9todos de capta\u00e7\u00e3o dos sons da degluti\u00e7\u00e3o.<\/li><li>Interpreta\u00e7\u00e3o cl\u00ednica e programa\u00e7\u00e3o terap\u00eautica baseada nos achados dos sons da degluti\u00e7\u00e3o.<\/li><li>Uso da analise ac\u00fastica dos sons da degluti\u00e7\u00e3o como <em>biofeedback <\/em>na reabilita\u00e7\u00e3o das disfagias orofar\u00edngeas.<\/li><li>Apresenta\u00e7\u00e3o e treinamento de uso do software para an\u00e1lise ac\u00fastica de sons da degluti\u00e7\u00e3o &#8211; DeglutiSom.<\/li><li>Atividade pr\u00e1tica com aplica\u00e7\u00e3o do software para an\u00e1lise ac\u00fastica de sons da degluti\u00e7\u00e3o &#8211; DeglutiSom.<\/li><\/ul>\n\n\n\n<h3 class=\"wp-block-heading\">Estrat\u00e9gia:<\/h3>\n\n\n\n<p><strong>Sala de aula invertida<\/strong>: metodologia de aprendizagem ativa. Invers\u00e3o no processo de ensino e aprendizagem que instiga o aluno a buscar e demonstrar conhecimento, destituindo o professor de seu papel de detentor do conhecimento na medida em que o leva a uma condi\u00e7\u00e3o mais complexa de mediador em sala de aula.<\/p>\n\n\n\n<h3 class=\"wp-block-heading\">Palestrante:<\/h3>\n\n\n\n<div class=\"wp-block-columns is-layout-flex wp-container-core-columns-is-layout-28f84493 wp-block-columns-is-layout-flex\">\n<div class=\"wp-block-column is-layout-flow wp-block-column-is-layout-flow\">\n<figure class=\"wp-block-image size-large is-resized\"><img loading=\"lazy\" decoding=\"async\" src=\"https:\/\/www.engefono.com.br\/wp-content\/uploads\/2021\/05\/Rosane_Sampaio.jpeg\" alt=\"\" class=\"wp-image-1203\" width=\"401\" height=\"369\" srcset=\"https:\/\/www.engefono.com.br\/wp-content\/uploads\/2021\/05\/Rosane_Sampaio.jpeg 546w, https:\/\/www.engefono.com.br\/wp-content\/uploads\/2021\/05\/Rosane_Sampaio-300x277.jpeg 300w\" sizes=\"auto, (max-width: 401px) 100vw, 401px\" \/><\/figure>\n<\/div>\n\n\n\n<div class=\"wp-block-column is-vertically-aligned-center is-layout-flow wp-block-column-is-layout-flow\">\n<p><strong>Dra. Rosane Sampaio Santos.<\/strong><br><a href=\"http:\/\/lattes.cnpq.br\/9670082735829503\" target=\"_blank\" rel=\"noreferrer noopener\">http:\/\/lattes.cnpq.br\/9670082735829503<\/a><\/p>\n<\/div>\n<\/div>\n\n\n\n<h3 class=\"wp-block-heading\">Realiza\u00e7\u00e3o:<\/h3>\n\n\n\n<ul class=\"wp-block-list\"><li><strong>Semana 1: <\/strong><ul><li>2 horas de material gravado disponibilizado na plataforma Google Sala de Aula (a partir de 19\/07\/21)<\/li><li>Apostila e materiais para leitura complementar<\/li><li>Aula ao vivo online no s\u00e1bado (24\/07\/21) das 08:00 \u00e0s 10:00 <ul><li>Grava\u00e7\u00e3o ser\u00e1 disponibilizada a partir de segunda (26\/07\/21)<\/li><\/ul><\/li><\/ul><\/li><li><strong>Semana 2:<\/strong> <ul><li>2 horas de material gravado disponibilizado na plataforma Google Sala de Aula (a partir de 26\/07\/21)<\/li><li>Apostila e materiais para leitura complementar<\/li><li>Aula ao vivo online no s\u00e1bado (31\/07\/21) das 08:00 \u00e0s 10:00<ul><li>Grava\u00e7\u00e3o ser\u00e1 disponibilizada a partir de segunda (02\/08\/21)<\/li><\/ul><\/li><\/ul><\/li><li><strong>Todo material do curso ficar\u00e1 dispon\u00edvel para acesso at\u00e9 sexta (06\/08\/21)<\/strong><\/li><\/ul>\n\n\n\n<h3 class=\"wp-block-heading\">Local:<\/h3>\n\n\n\n<p>Sala de aula apropriada sob responsabilidade do contratante.<\/p>\n\n\n\n<h3 class=\"wp-block-heading\">Material incluso:<\/h3>\n\n\n\n<p>Licen\u00e7a do software, apostila e exemplos.<\/p>\n\n\n\n<h3 class=\"wp-block-heading\">Vagas:<\/h3>\n\n\n\n<p><s>Turmas de 20 (m\u00ednimo) at\u00e9 30 (m\u00e1ximo) alunos. <\/s><strong>ESGOTADO!<\/strong><\/p>\n\n\n\n<h3 class=\"wp-block-heading\"><s>Investimento<\/s>:<\/h3>\n\n\n\n<p><s>R$ 350,00 (trezentos e cinquenta reais).<\/s><\/p>\n","protected":false},"excerpt":{"rendered":"<p>No dia 19 de julho de 2021 ser\u00e1 realizado on-line o curso \u201cAn\u00e1lise Ac\u00fastica de Sons da Degluti\u00e7\u00e3o\u201d.<\/p>\n","protected":false},"author":1,"featured_media":1204,"comment_status":"closed","ping_status":"closed","sticky":false,"template":"","format":"standard","meta":{"footnotes":""},"categories":[2,4],"tags":[],"class_list":["post-1202","post","type-post","status-publish","format-standard","has-post-thumbnail","hentry","category-noticia","category-treinamento"],"_links":{"self":[{"href":"https:\/\/www.engefono.com.br\/index.php?rest_route=\/wp\/v2\/posts\/1202","targetHints":{"allow":["GET"]}}],"collection":[{"href":"https:\/\/www.engefono.com.br\/index.php?rest_route=\/wp\/v2\/posts"}],"about":[{"href":"https:\/\/www.engefono.com.br\/index.php?rest_route=\/wp\/v2\/types\/post"}],"author":[{"embeddable":true,"href":"https:\/\/www.engefono.com.br\/index.php?rest_route=\/wp\/v2\/users\/1"}],"replies":[{"embeddable":true,"href":"https:\/\/www.engefono.com.br\/index.php?rest_route=%2Fwp%2Fv2%2Fcomments&post=1202"}],"version-history":[{"count":8,"href":"https:\/\/www.engefono.com.br\/index.php?rest_route=\/wp\/v2\/posts\/1202\/revisions"}],"predecessor-version":[{"id":1244,"href":"https:\/\/www.engefono.com.br\/index.php?rest_route=\/wp\/v2\/posts\/1202\/revisions\/1244"}],"wp:featuredmedia":[{"embeddable":true,"href":"https:\/\/www.engefono.com.br\/index.php?rest_route=\/wp\/v2\/media\/1204"}],"wp:attachment":[{"href":"https:\/\/www.engefono.com.br\/index.php?rest_route=%2Fwp%2Fv2%2Fmedia&parent=1202"}],"wp:term":[{"taxonomy":"category","embeddable":true,"href":"https:\/\/www.engefono.com.br\/index.php?rest_route=%2Fwp%2Fv2%2Fcategories&post=1202"},{"taxonomy":"post_tag","embeddable":true,"href":"https:\/\/www.engefono.com.br\/index.php?rest_route=%2Fwp%2Fv2%2Ftags&post=1202"}],"curies":[{"name":"wp","href":"https:\/\/api.w.org\/{rel}","templated":true}]}}