{"id":1181,"date":"2020-03-15T10:39:52","date_gmt":"2020-03-15T13:39:52","guid":{"rendered":"http:\/\/www.engefono.com.br\/?p=1181"},"modified":"2020-03-15T10:54:29","modified_gmt":"2020-03-15T13:54:29","slug":"importante-adiamento-do-curso-de-21-03-2020","status":"publish","type":"post","link":"https:\/\/www.engefono.com.br\/?p=1181","title":{"rendered":"Importante: Adiamento do curso de 21\/03\/2020"},"content":{"rendered":"\n<p>Prezadas(os) Participantes,<\/p>\n\n\n\n<p>As informa\u00e7\u00f5es e a situa\u00e7\u00e3o relacionada a r\u00e1pida evolu\u00e7\u00e3o da pandemia do COVID-19 e das medidas de conting\u00eancia adotadas pelas diversas institui\u00e7\u00f5es no final da \u00faltima semana nos levam a uma situa\u00e7\u00e3o extremamente complicada para a realiza\u00e7\u00e3o do treinamento.<\/p>\n\n\n\n<p>O fato \u00e9 que provavelmente teremos um bloqueio das Universidades e restri\u00e7\u00f5es de p\u00fablico a partir da segunda (16\/03\/2020), portanto entendemos como medida prudente adiarmos nosso treinamento. Ressaltamos que se trata de um adiamento, sendo que, assim que poss\u00edvel ser\u00e1 feito um novo agendamento para que todas(os) participantes possam se programar.<\/p>\n\n\n\n<p>Aquelas(es) que desejarem cancelar sua inscri\u00e7\u00e3o e receber o ressarcimento da mesma, por favor, enviar e-mail para <a href=\"mailto:engefono@engefono.com.br\">engefono@engefono.com.br<\/a> para provid\u00eancias. Caso queiram manter suas inscri\u00e7\u00f5es, garantimos sua inscri\u00e7\u00e3o integral para quando o curso for reprogramado.<\/p>\n\n\n\n<p>Estamos todos solid\u00e1rios e preocupados com esta situa\u00e7\u00e3o atual e preferimos n\u00e3o expor nenhum(a) participante a uma situa\u00e7\u00e3o de constrangimento e desconforto por permanecer um dia todo em sala fechada com mais 30 pessoas. Estamos buscando uma alternativa para realiza\u00e7\u00e3o do curso com tecnologia de ensino a dist\u00e2ncia e esperamos mandar mais informa\u00e7\u00f5es ao longo da pr\u00f3xima semana.<\/p>\n\n\n\n<p>Entendemos as expectativas e frustra\u00e7\u00f5es de todas(os), refor\u00e7amos nossa apreens\u00e3o e comprometimento com a sa\u00fade de todas(os) e permanecemos inteiramente a disposi\u00e7\u00e3o para d\u00favidas e demais procedimentos necess\u00e1rios.<\/p>\n\n\n\n<p>Sauda\u00e7\u00f5es,<\/p>\n\n\n\n<p>Equipe Engefono<\/p>\n","protected":false},"excerpt":{"rendered":"<p>Informa\u00e7\u00f5es sobre o adiamento do curso de 21\/03\/2020.<\/p>\n","protected":false},"author":1,"featured_media":1191,"comment_status":"closed","ping_status":"closed","sticky":false,"template":"","format":"standard","meta":{"footnotes":""},"categories":[2],"tags":[14,13],"class_list":["post-1181","post","type-post","status-publish","format-standard","has-post-thumbnail","hentry","category-noticia","tag-adiamento","tag-covid-19"],"_links":{"self":[{"href":"https:\/\/www.engefono.com.br\/index.php?rest_route=\/wp\/v2\/posts\/1181","targetHints":{"allow":["GET"]}}],"collection":[{"href":"https:\/\/www.engefono.com.br\/index.php?rest_route=\/wp\/v2\/posts"}],"about":[{"href":"https:\/\/www.engefono.com.br\/index.php?rest_route=\/wp\/v2\/types\/post"}],"author":[{"embeddable":true,"href":"https:\/\/www.engefono.com.br\/index.php?rest_route=\/wp\/v2\/users\/1"}],"replies":[{"embeddable":true,"href":"https:\/\/www.engefono.com.br\/index.php?rest_route=%2Fwp%2Fv2%2Fcomments&post=1181"}],"version-history":[{"count":3,"href":"https:\/\/www.engefono.com.br\/index.php?rest_route=\/wp\/v2\/posts\/1181\/revisions"}],"predecessor-version":[{"id":1190,"href":"https:\/\/www.engefono.com.br\/index.php?rest_route=\/wp\/v2\/posts\/1181\/revisions\/1190"}],"wp:featuredmedia":[{"embeddable":true,"href":"https:\/\/www.engefono.com.br\/index.php?rest_route=\/wp\/v2\/media\/1191"}],"wp:attachment":[{"href":"https:\/\/www.engefono.com.br\/index.php?rest_route=%2Fwp%2Fv2%2Fmedia&parent=1181"}],"wp:term":[{"taxonomy":"category","embeddable":true,"href":"https:\/\/www.engefono.com.br\/index.php?rest_route=%2Fwp%2Fv2%2Fcategories&post=1181"},{"taxonomy":"post_tag","embeddable":true,"href":"https:\/\/www.engefono.com.br\/index.php?rest_route=%2Fwp%2Fv2%2Ftags&post=1181"}],"curies":[{"name":"wp","href":"https:\/\/api.w.org\/{rel}","templated":true}]}}